{"id":8433,"date":"2026-07-27T15:12:54","date_gmt":"2026-07-27T18:12:54","guid":{"rendered":"https:\/\/etad.com.br\/en\/?p=8433"},"modified":"2026-07-27T16:45:01","modified_gmt":"2026-07-27T19:45:01","slug":"lucas-thedim","status":"publish","type":"post","link":"https:\/\/etad.com.br\/en\/lucas-thedim\/","title":{"rendered":"Lucas Thedim"},"content":{"rendered":"<p><img decoding=\"async\" class=\"wp-image-8430 alignright\" src=\"http:\/\/etad.com.br\/en\/wp-content\/uploads\/2026\/07\/ETAD-LUCAS.png\" alt=\"\" width=\"402\" height=\"402\" srcset=\"https:\/\/etad.com.br\/en\/wp-content\/uploads\/2026\/07\/ETAD-LUCAS-66x66.png 66w, https:\/\/etad.com.br\/en\/wp-content\/uploads\/2026\/07\/ETAD-LUCAS-150x150.png 150w, https:\/\/etad.com.br\/en\/wp-content\/uploads\/2026\/07\/ETAD-LUCAS-200x200.png 200w, https:\/\/etad.com.br\/en\/wp-content\/uploads\/2026\/07\/ETAD-LUCAS-300x300.png 300w, https:\/\/etad.com.br\/en\/wp-content\/uploads\/2026\/07\/ETAD-LUCAS-400x400.png 400w, https:\/\/etad.com.br\/en\/wp-content\/uploads\/2026\/07\/ETAD-LUCAS.png 600w\" sizes=\"(max-width: 402px) 100vw, 402px\" \/><\/p>\n<p style=\"text-align: left; color: #808080;\"><strong>EDUCATION<\/strong><\/p>\n<p>Master\u2019s Candidate in Commercial Law (University of S\u00e3o Paulo \u2013 USP)<\/p>\n<p>Bachelor of Laws (LL.B.) (Pontifical Catholic University of Rio de Janeiro \u2013 PUC-Rio)<\/p>\n<p style=\"text-align: left; color: #808080;\"><strong>INSTITUCIONAL<\/strong><\/p>\n<p>\u2022 Associated with the IBDS \u2013 Instituto Brasileiro de Direito do Seguro<\/p>\n<p style=\"text-align: left; color: #808080;\"><strong>ACADEMIC<\/strong><\/p>\n<p>\u2022\u00a0Teaching Assistant for the courses Foundations of Microeconomics and Negotiation in Business Law at the University of S\u00e3o Paulo, under the supervision of Professor Ruy Pereira Camilo Junior<\/p>\n<p>\u2022\u2060 Teaching Assistant for the Mergers and Acquisitions course in Insper\u2019s LL.M. in Capital Markets (2022-2024)<\/p>\n<p style=\"text-align: left; color: #808080;\"><strong>SELECTED PUBLICATIONS<\/strong><\/p>\n<p>\u2022\u00a0\u201cO que Podemos Aprender com a Aquisi\u00e7\u00e3o do Twitter?\u201d [\u201cWhat Can We Learn from the Acquisition of Twitter?\u201d] (co-authored with Daniel Kalansky). In: Andr\u00e9 Antunes Soares de Camargo, Henrique Barbosa and Jos\u00e9 Virg\u00edlio Lopes Enei (eds.), Direito Empresarial: 20 Anos IBRADEMP. S\u00e3o Paulo: Quartier Latin, 2024.<\/p>\n<p>\u2022\u00a0A Desconsidera\u00e7\u00e3o da Personalidade Jur\u00eddica e a Atribui\u00e7\u00e3o de Responsabilidade a Terceiros na Fal\u00eancia e Recupera\u00e7\u00e3o Judicial: Notas sobre o Artigo 6\u00ba-C da Lei n\u00ba 11.101\/2005\u201d [\u201cPiercing the Corporate Veil and the Attribution of Liability to Third Parties in Bankruptcy and Judicial Reorganization Proceedings: Notes on Article 6-C of Law No. 11,101\/2005\u201d] (co-authored with Daniel Kalansky). In: Marcelo Vieira von Adamek and Andr\u00e9 Nunes Conti (eds.), Desconsidera\u00e7\u00e3o da Personalidade Jur\u00eddica: Pressupostos, Consequ\u00eancias e Casu\u00edstica. S\u00e3o Paulo: Quartier Latin, 2024.<\/p>\n<p style=\"text-align: left; color: #808080;\"><strong>LANGUAGES<\/strong><\/p>\n<p>Portuguese | English | French (reading and research) | Italian (reading and research)<\/p>\n","protected":false},"excerpt":{"rendered":"<p>EDUCATION Master\u2019s Candidate in Commercial Law (University of S\u00e3o Paulo \u2013 USP) Bachelor of Laws (LL.B.) (Pontifical Catholic University of Rio de Janeiro \u2013 PUC-Rio) INSTITUCIONAL \u2022 Associated with the IBDS \u2013 Instituto Brasileiro de Direito do Seguro ACADEMIC \u2022\u00a0Teaching Assistant for the courses Foundations of Microeconomics and Negotiation in Business Law at the University [&hellip;]<\/p>\n","protected":false},"author":3,"featured_media":0,"comment_status":"closed","ping_status":"closed","sticky":false,"template":"","format":"standard","meta":{"_acf_changed":false,"footnotes":""},"categories":[84],"tags":[],"class_list":["post-8433","post","type-post","status-publish","format-standard","hentry","category-lawyers"],"acf":[],"_links":{"self":[{"href":"https:\/\/etad.com.br\/en\/wp-json\/wp\/v2\/posts\/8433","targetHints":{"allow":["GET"]}}],"collection":[{"href":"https:\/\/etad.com.br\/en\/wp-json\/wp\/v2\/posts"}],"about":[{"href":"https:\/\/etad.com.br\/en\/wp-json\/wp\/v2\/types\/post"}],"author":[{"embeddable":true,"href":"https:\/\/etad.com.br\/en\/wp-json\/wp\/v2\/users\/3"}],"replies":[{"embeddable":true,"href":"https:\/\/etad.com.br\/en\/wp-json\/wp\/v2\/comments?post=8433"}],"version-history":[{"count":3,"href":"https:\/\/etad.com.br\/en\/wp-json\/wp\/v2\/posts\/8433\/revisions"}],"predecessor-version":[{"id":8438,"href":"https:\/\/etad.com.br\/en\/wp-json\/wp\/v2\/posts\/8433\/revisions\/8438"}],"wp:attachment":[{"href":"https:\/\/etad.com.br\/en\/wp-json\/wp\/v2\/media?parent=8433"}],"wp:term":[{"taxonomy":"category","embeddable":true,"href":"https:\/\/etad.com.br\/en\/wp-json\/wp\/v2\/categories?post=8433"},{"taxonomy":"post_tag","embeddable":true,"href":"https:\/\/etad.com.br\/en\/wp-json\/wp\/v2\/tags?post=8433"}],"curies":[{"name":"wp","href":"https:\/\/api.w.org\/{rel}","templated":true}]}}